{"id":15274,"date":"2026-09-01T10:10:05","date_gmt":"2026-09-01T08:10:05","guid":{"rendered":"https:\/\/afapac.org\/abierta-la-convocatoria-de-las-ayudas-pua-2026-para-personas-con-discapacidad\/"},"modified":"2026-09-01T10:18:12","modified_gmt":"2026-09-01T08:18:12","slug":"abierta-la-convocatoria-de-las-ayudas-pua-2026-para-personas-con-discapacidad","status":"publish","type":"post","link":"https:\/\/afapac.org\/ca\/abierta-la-convocatoria-de-las-ayudas-pua-2026-para-personas-con-discapacidad\/","title":{"rendered":"Oberta la convocat\u00f2ria dels ajuts PUA 2026 per a persones amb discapacitat"},"content":{"rendered":"<p class=\"isSelectedEnd\">Ja s\u2019ha publicat la nova convocat\u00f2ria dels <strong>ajuts d\u2019atenci\u00f3 social per a les persones amb discapacitat (PUA)<\/strong>, destinats a contribuir a les despeses d\u2019adquisici\u00f3 de productes i a la realitzaci\u00f3 d\u2019actuacions que afavoreixin l\u2019autonomia personal.<\/p>\n<p>L\u2019<strong>Ordre DSI\/151\/2026, de 3 d\u2019agost<\/strong>, aprova aquesta convocat\u00f2ria per als anys <strong>2024, 2025 i 2026<\/strong>.<\/p>\n<h3>Qui pot sol\u00b7licitar els ajuts?<\/h3>\n<p class=\"isSelectedEnd\">Poden sol\u00b7licitar els ajuts les persones que:<\/p>\n<ul data-spread=\"false\">\n<li>Tinguin reconegut un <strong>grau de discapacitat igual o superior al 33%<\/strong>.<\/li>\n<li>Resideixin legalment a Catalunya.<\/li>\n<li>Compleixin els <strong>requisits econ\u00f2mics<\/strong> establerts a la convocat\u00f2ria.<\/li>\n<\/ul>\n<p class=\"isSelectedEnd\">L\u2019acc\u00e9s a la prestaci\u00f3 est\u00e0 condicionat a una situaci\u00f3 de necessitat econ\u00f2mica, determinada principalment pels ingressos de la persona sol\u00b7licitant.<\/p>\n<p class=\"isSelectedEnd\">La convocat\u00f2ria tamb\u00e9 preveu mesures espec\u00edfiques de suport per a <strong>dones amb discapacitat<\/strong> i per a <strong>dones que es trobin o hagin sortit d\u2019una situaci\u00f3 de viol\u00e8ncia masclista<\/strong>.<\/p>\n<p>Els ajuts es concedeixen en r\u00e8gim de <strong>concurr\u00e8ncia competitiva<\/strong>.<\/p>\n<h3>Qu\u00e8 subvencionen els ajuts PUA?<\/h3>\n<p class=\"isSelectedEnd\">Els ajuts tenen com a objectiu contribuir a les despeses derivades de l\u2019adquisici\u00f3 de productes i de les actuacions destinades a promoure l\u2019<strong>autonomia personal<\/strong>.<\/p>\n<p class=\"isSelectedEnd\">L\u2019import varia en funci\u00f3 del producte o l\u2019actuaci\u00f3 sol\u00b7licitada, amb una <strong>quantia m\u00e0xima subvencionable de 9.500 euros per persona<\/strong>.<\/p>\n<p class=\"isSelectedEnd\">El pagament de l\u2019ajut s\u2019efectuar\u00e0 una vegada s\u2019hagi comprovat i validat la documentaci\u00f3 justificativa de la despesa realitzada.<\/p>\n<p class=\"isSelectedEnd\">Podeu consultar el <strong>cat\u00e0leg de prestacions 2026, <a href=\"https:\/\/tramits.gencat.cat\/web\/shared\/OVT\/Departaments\/DSO\/Documents_i_enllacos\/DGAPD\/pua\/2026\/cataleg-pua.pdf\">aqu\u00ed<\/a>.<\/strong><\/p>\n<p class=\"isSelectedEnd\">A m\u00e9s, els annexos 2, 3 i 4 inclouen els informes que cal emplenar en cas de sol\u00b7licitar:<\/p>\n<ul data-spread=\"false\">\n<li>Un <strong>comunicador<\/strong> (p\u00e0gina 39).<\/li>\n<li>Una <strong>grua de bipedestaci\u00f3<\/strong> (p\u00e0gina 40).<\/li>\n<li>Un <strong>aparell salvaescales port\u00e0til<\/strong> (p\u00e0gina 41).<\/li>\n<\/ul>\n<h3>Termini de presentaci\u00f3 de sol\u00b7licituds<\/h3>\n<p class=\"isSelectedEnd\">Les persones interessades han de presentar la sol\u00b7licitud dins del termini establert, juntament amb la documentaci\u00f3 acreditativa corresponent.<\/p>\n<p class=\"isSelectedEnd\"><strong>El termini finalitza el 2 d\u2019octubre de 2026 a les 14.00 h.<\/strong><\/p>\n<p class=\"isSelectedEnd\">La sol\u00b7licitud s\u2019ha de tramitar a trav\u00e9s del portal de tr\u00e0mits de la Generalitat de Catalunya:<\/p>\n<p class=\"isSelectedEnd\"><strong>Tramitaci\u00f3 dels ajuts PUA:<\/strong><br \/>\n<a href=\"https:\/\/tramits.gencat.cat\/ca\/tramits\/tramits-temes\/Prestacio-datencio-social-a-les-persones-amb-discapacitat-PUA?moda=1&amp;utm_source=chatgpt.com\">Accedeix al tr\u00e0mit de la prestaci\u00f3 d\u2019atenci\u00f3 social per a persones amb discapacitat (PUA)<\/a><\/p>\n<p>Us recomanem consultar tota la informaci\u00f3 de la convocat\u00f2ria i revisar amb detall els requisits i la documentaci\u00f3 necess\u00e0ria abans de presentar la sol\u00b7licitud.<\/p>\n<ul>\n<li><a href=\"https:\/\/dretssocials.gencat.cat\/ca\/ambits_tematics\/persones_amb_discapacitat\/ajuts_i_prestacions_economiques\/manual-pua\">Guia per a la tramitaci\u00f3<\/a><\/li>\n<li><a href=\"https:\/\/dretssocials.gencat.cat\/ca\/ambits_tematics\/persones_amb_discapacitat\/ajuts_i_prestacions_economiques\/pmf_pua\/\">Preguntes freq\u00fcents<\/a><\/li>\n<\/ul>\n","protected":false},"excerpt":{"rendered":"<p>Ja s\u2019ha publicat la nova convocat\u00f2ria dels ajuts d\u2019atenci\u00f3 social per a les persones amb discapacitat (PUA), destinats a contribuir a les despeses d\u2019adquisici\u00f3 de productes i a la realitzaci\u00f3&hellip;<\/p>\n","protected":false},"author":1,"featured_media":15273,"comment_status":"open","ping_status":"open","sticky":false,"template":"","format":"standard","meta":{"footnotes":""},"categories":[1],"tags":[],"class_list":["post-15274","post","type-post","status-publish","format-standard","has-post-thumbnail","hentry","category-sin-categorizar","category-1","description-off"],"_links":{"self":[{"href":"https:\/\/afapac.org\/ca\/wp-json\/wp\/v2\/posts\/15274","targetHints":{"allow":["GET"]}}],"collection":[{"href":"https:\/\/afapac.org\/ca\/wp-json\/wp\/v2\/posts"}],"about":[{"href":"https:\/\/afapac.org\/ca\/wp-json\/wp\/v2\/types\/post"}],"author":[{"embeddable":true,"href":"https:\/\/afapac.org\/ca\/wp-json\/wp\/v2\/users\/1"}],"replies":[{"embeddable":true,"href":"https:\/\/afapac.org\/ca\/wp-json\/wp\/v2\/comments?post=15274"}],"version-history":[{"count":4,"href":"https:\/\/afapac.org\/ca\/wp-json\/wp\/v2\/posts\/15274\/revisions"}],"predecessor-version":[{"id":15278,"href":"https:\/\/afapac.org\/ca\/wp-json\/wp\/v2\/posts\/15274\/revisions\/15278"}],"wp:featuredmedia":[{"embeddable":true,"href":"https:\/\/afapac.org\/ca\/wp-json\/wp\/v2\/media\/15273"}],"wp:attachment":[{"href":"https:\/\/afapac.org\/ca\/wp-json\/wp\/v2\/media?parent=15274"}],"wp:term":[{"taxonomy":"category","embeddable":true,"href":"https:\/\/afapac.org\/ca\/wp-json\/wp\/v2\/categories?post=15274"},{"taxonomy":"post_tag","embeddable":true,"href":"https:\/\/afapac.org\/ca\/wp-json\/wp\/v2\/tags?post=15274"}],"curies":[{"name":"wp","href":"https:\/\/api.w.org\/{rel}","templated":true}]}}